{"id":2028,"date":"2022-11-21T15:26:14","date_gmt":"2022-11-21T20:26:14","guid":{"rendered":"https:\/\/www.gcbloomrisk.com\/landing\/?p=2028"},"modified":"2023-06-27T10:42:09","modified_gmt":"2023-06-27T15:42:09","slug":"el-gol-de-colombia-en-la-cop27-habra-fondo-para-mitigar-las-consecuencias-del-cambio-climatico","status":"publish","type":"post","link":"https:\/\/www.gcbloomrisk.com\/landing\/el-gol-de-colombia-en-la-cop27-habra-fondo-para-mitigar-las-consecuencias-del-cambio-climatico\/","title":{"rendered":"El gol de Colombia en la COP27: habr\u00e1 fondo para mitigar las consecuencias del cambio clim\u00e1tico."},"content":{"rendered":"\n<p>Colombia, como presidenta del grupo, insisti\u00f3 desde el primer momento en la urgencia de brindar esta soluci\u00f3n, sobre todo para los pa\u00edses m\u00e1s vulnerables.<\/p>\n\n\n\n<p>La decisi\u00f3n de crear un fondo que le permita a los pa\u00edses en desarrollo contar con los recursos necesarios para mitigar las consecuencias del cambio clim\u00e1tico es una realidad despu\u00e9s de horas de conversaciones en la Conferencia de las partes (COP27), que se lleva a cabo en Egipto.<\/p>\n\n\n\n<p>Colombia, como presidenta del grupo, insisti\u00f3 desde el primer momento en la urgencia de brindar esta soluci\u00f3n, sobre todo en apoyo a las comunidades m\u00e1s vulnerables, las cuales son las principales afectadas ante los da\u00f1os y p\u00e9rdidas ocasionados por el cambio clim\u00e1tico.<\/p>\n\n\n\n<p>El acuerdo fue logrado por la delegaci\u00f3n colombiana, la Asociaci\u00f3n Independiente de Am\u00e9rica Latina y el Caribe (AILAC) y los pa\u00edses en desarrollo G77+China, volviendo a poner sobre la mesa la relevancia de un asunto que hab\u00eda sido aplazado en las \u00faltimas cumbres del clima.<\/p>\n\n\n\n<p>\u201cColombia ha tenido una posici\u00f3n clara y comienza a generar una coalici\u00f3n de pa\u00edses frente a temas emergentes en la discusi\u00f3n clim\u00e1tica; como la reforma institucional de las instituciones financieras internacionales, as\u00ed como el <strong>canje de deuda por naturaleza<\/strong>, que ha sido una vitrina de posicionamiento para el pa\u00eds, sobre quien debe responder por las p\u00e9rdidas y da\u00f1os que ya estamos sufriendo en nuestros pa\u00edses\u201d, destac\u00f3 la ministra de Ambiente y Desarrollo Sostenible, Susana Muhamad.<\/p>\n\n\n\n<p>El objetivo de este nuevo fondo es brindar financiaci\u00f3n predecible y adecuada a los pa\u00edses, especialmente a aquellos que son m\u00e1s vulnerables, ante las emergencias ocasionadas por el cambio clim\u00e1tico. Para definir el funcionamiento y la financiaci\u00f3n de este proyecto se crear\u00e1 un comit\u00e9 de transici\u00f3n con 24 pa\u00edses, entre los que se incluyan tres de la regi\u00f3n de Am\u00e9rica Latina y el Caribe. Asimismo, invita al Banco Mundial y al Fondo Monetario Internacional (FMI) a aportar soluciones de financiaci\u00f3n.<\/p>\n\n\n\n<p>Tras las semanas de conversaci\u00f3n en la COP27, el balance de Colombia es positivo. La ministra Susana Muhamad resalta que ha sido el escenario para que se conozcan los planes que en materia clim\u00e1tica tiene el pa\u00eds y ampliar el espectro diplom\u00e1tico tradicional del Gobierno.<\/p>\n\n\n\n<p>Por otra parte, fue el lugar de encuentro con posibles aliados en la acci\u00f3n clim\u00e1tica y la defensa de la Amazon\u00eda. Igualmente, se trazaron las primeras l\u00edneas para la consolidaci\u00f3n de un bloque Latino Americano con la CELAC (Comunidad de Estados Latinoamericanos y Caribe\u00f1os).<\/p>\n\n\n\n<p>\u201cSomos una potencia mundial. No estamos aqu\u00ed para pedir limosna, estamos aqu\u00ed para mostrar c\u00f3mo potencia lo que podemos aportar a la humanidad. Esta declaraci\u00f3n es un primer paso poderoso, s\u00e9 que contamos con el apoyo democr\u00e1tico de nuestras poblaciones, porque son ellos los que est\u00e1n sufriendo las consecuencias de la crisis clim\u00e1tica y ese liderazgo va a ser visto en el mundo\u201d, se\u00f1al\u00f3 en su momento la ministra Muhamad.<\/p>\n\n\n\n<p>Fuente:<\/p>\n\n\n\n<p>Forbes-Colombia(20-11-2022)\u201dEl gol de Colombia en la COP27: habr\u00e1 fondo para mitigar las consecuencias del cambio clim\u00e1tico\u201d<em>Forbes-Colombia\/https:\/\/forbes.co\/2022\/11\/20\/actualidad\/el-gol-de-colombia-en-la-cop27-habra-fondo-para-mitigar-las-consecuencias-del-cambio-climatico\/<\/em>(21-11-2022)<\/p>\n","protected":false},"excerpt":{"rendered":"<p>Colombia, como presidenta del grupo, insisti\u00f3 desde el primer momento en la urgencia de brindar esta soluci\u00f3n, sobre todo para los pa\u00edses m\u00e1s vulnerables.<\/p>\n","protected":false},"author":2,"featured_media":2029,"comment_status":"open","ping_status":"open","sticky":false,"template":"","format":"standard","meta":{"_joinchat":[]},"categories":[16,18,19,21,22,24],"tags":[],"acf":[],"yoast_head":"<!-- This site is optimized with the Yoast SEO plugin v21.1 - https:\/\/yoast.com\/wordpress\/plugins\/seo\/ -->\n<title>El gol de Colombia en la COP27: habr\u00e1 fondo para mitigar las consecuencias del cambio clim\u00e1tico. - GCBloomRisk<\/title>\n<meta name=\"robots\" content=\"index, follow, max-snippet:-1, max-image-preview:large, max-video-preview:-1\" \/>\n<link rel=\"canonical\" href=\"https:\/\/www.gcbloomrisk.com\/landing\/el-gol-de-colombia-en-la-cop27-habra-fondo-para-mitigar-las-consecuencias-del-cambio-climatico\/\" \/>\n<meta property=\"og:locale\" content=\"es_ES\" \/>\n<meta property=\"og:type\" content=\"article\" \/>\n<meta property=\"og:title\" content=\"El gol de Colombia en la COP27: habr\u00e1 fondo para mitigar las consecuencias del cambio clim\u00e1tico. - GCBloomRisk\" \/>\n<meta property=\"og:description\" content=\"Colombia, como presidenta del grupo, insisti\u00f3 desde el primer momento en la urgencia de brindar esta soluci\u00f3n, sobre todo para los pa\u00edses m\u00e1s vulnerables.\" \/>\n<meta property=\"og:url\" content=\"https:\/\/www.gcbloomrisk.com\/landing\/el-gol-de-colombia-en-la-cop27-habra-fondo-para-mitigar-las-consecuencias-del-cambio-climatico\/\" \/>\n<meta property=\"og:site_name\" content=\"GCBloomRisk\" \/>\n<meta property=\"article:publisher\" content=\"https:\/\/www.facebook.com\/gcbloomrisk\" \/>\n<meta property=\"article:published_time\" content=\"2022-11-21T20:26:14+00:00\" \/>\n<meta property=\"article:modified_time\" content=\"2023-06-27T15:42:09+00:00\" \/>\n<meta property=\"og:image\" content=\"https:\/\/www.gcbloomrisk.com\/landing\/wp-content\/uploads\/2022\/11\/thumb15.jpg\" \/>\n\t<meta property=\"og:image:width\" content=\"900\" \/>\n\t<meta property=\"og:image:height\" content=\"506\" \/>\n\t<meta property=\"og:image:type\" content=\"image\/jpeg\" \/>\n<meta name=\"author\" content=\"Anal\u00edtica GCBloomRisk\" \/>\n<meta name=\"twitter:card\" content=\"summary_large_image\" \/>\n<meta name=\"twitter:creator\" content=\"@gcbloomrisk\" \/>\n<meta name=\"twitter:site\" content=\"@gcbloomrisk\" \/>\n<meta name=\"twitter:label1\" content=\"Escrito por\" \/>\n\t<meta name=\"twitter:data1\" content=\"Anal\u00edtica GCBloomRisk\" \/>\n\t<meta name=\"twitter:label2\" content=\"Tiempo estimado de lectura\" \/>\n\t<meta name=\"twitter:data2\" content=\"3 minutos\" \/>\n<script type=\"application\/ld+json\" class=\"yoast-schema-graph\">{\"@context\":\"https:\/\/schema.org\",\"@graph\":[{\"@type\":\"Article\",\"@id\":\"https:\/\/www.gcbloomrisk.com\/landing\/el-gol-de-colombia-en-la-cop27-habra-fondo-para-mitigar-las-consecuencias-del-cambio-climatico\/#article\",\"isPartOf\":{\"@id\":\"https:\/\/www.gcbloomrisk.com\/landing\/el-gol-de-colombia-en-la-cop27-habra-fondo-para-mitigar-las-consecuencias-del-cambio-climatico\/\"},\"author\":{\"name\":\"Anal\u00edtica GCBloomRisk\",\"@id\":\"https:\/\/www.gcbloomrisk.com\/landing\/#\/schema\/person\/94ef441573fed8e76101121fb385f45d\"},\"headline\":\"El gol de Colombia en la COP27: habr\u00e1 fondo para mitigar las consecuencias del cambio clim\u00e1tico.\",\"datePublished\":\"2022-11-21T20:26:14+00:00\",\"dateModified\":\"2023-06-27T15:42:09+00:00\",\"mainEntityOfPage\":{\"@id\":\"https:\/\/www.gcbloomrisk.com\/landing\/el-gol-de-colombia-en-la-cop27-habra-fondo-para-mitigar-las-consecuencias-del-cambio-climatico\/\"},\"wordCount\":572,\"commentCount\":0,\"publisher\":{\"@id\":\"https:\/\/www.gcbloomrisk.com\/landing\/#organization\"},\"articleSection\":[\"Cooperativismo\",\"Econom\u00eda\",\"Empresas\",\"Internacional\",\"Nacional\",\"\u00daltimas noticias\"],\"inLanguage\":\"es-CO\",\"potentialAction\":[{\"@type\":\"CommentAction\",\"name\":\"Comment\",\"target\":[\"https:\/\/www.gcbloomrisk.com\/landing\/el-gol-de-colombia-en-la-cop27-habra-fondo-para-mitigar-las-consecuencias-del-cambio-climatico\/#respond\"]}]},{\"@type\":\"WebPage\",\"@id\":\"https:\/\/www.gcbloomrisk.com\/landing\/el-gol-de-colombia-en-la-cop27-habra-fondo-para-mitigar-las-consecuencias-del-cambio-climatico\/\",\"url\":\"https:\/\/www.gcbloomrisk.com\/landing\/el-gol-de-colombia-en-la-cop27-habra-fondo-para-mitigar-las-consecuencias-del-cambio-climatico\/\",\"name\":\"El gol de Colombia en la COP27: habr\u00e1 fondo para mitigar las consecuencias del cambio clim\u00e1tico. - GCBloomRisk\",\"isPartOf\":{\"@id\":\"https:\/\/www.gcbloomrisk.com\/landing\/#website\"},\"datePublished\":\"2022-11-21T20:26:14+00:00\",\"dateModified\":\"2023-06-27T15:42:09+00:00\",\"breadcrumb\":{\"@id\":\"https:\/\/www.gcbloomrisk.com\/landing\/el-gol-de-colombia-en-la-cop27-habra-fondo-para-mitigar-las-consecuencias-del-cambio-climatico\/#breadcrumb\"},\"inLanguage\":\"es-CO\",\"potentialAction\":[{\"@type\":\"ReadAction\",\"target\":[\"https:\/\/www.gcbloomrisk.com\/landing\/el-gol-de-colombia-en-la-cop27-habra-fondo-para-mitigar-las-consecuencias-del-cambio-climatico\/\"]}]},{\"@type\":\"BreadcrumbList\",\"@id\":\"https:\/\/www.gcbloomrisk.com\/landing\/el-gol-de-colombia-en-la-cop27-habra-fondo-para-mitigar-las-consecuencias-del-cambio-climatico\/#breadcrumb\",\"itemListElement\":[{\"@type\":\"ListItem\",\"position\":1,\"name\":\"Inicio\",\"item\":\"https:\/\/www.gcbloomrisk.com\/landing\/\"},{\"@type\":\"ListItem\",\"position\":2,\"name\":\"El gol de Colombia en la COP27: habr\u00e1 fondo para mitigar las consecuencias del cambio clim\u00e1tico.\"}]},{\"@type\":\"WebSite\",\"@id\":\"https:\/\/www.gcbloomrisk.com\/landing\/#website\",\"url\":\"https:\/\/www.gcbloomrisk.com\/landing\/\",\"name\":\"GCBloomRisk\",\"description\":\"Informaci\u00f3n estrat\u00e9gica en tiempo real para la toma de desiciones\",\"publisher\":{\"@id\":\"https:\/\/www.gcbloomrisk.com\/landing\/#organization\"},\"potentialAction\":[{\"@type\":\"SearchAction\",\"target\":{\"@type\":\"EntryPoint\",\"urlTemplate\":\"https:\/\/www.gcbloomrisk.com\/landing\/?s={search_term_string}\"},\"query-input\":\"required name=search_term_string\"}],\"inLanguage\":\"es-CO\"},{\"@type\":\"Organization\",\"@id\":\"https:\/\/www.gcbloomrisk.com\/landing\/#organization\",\"name\":\"GCBloomRisk\",\"url\":\"https:\/\/www.gcbloomrisk.com\/landing\/\",\"logo\":{\"@type\":\"ImageObject\",\"inLanguage\":\"es-CO\",\"@id\":\"https:\/\/www.gcbloomrisk.com\/landing\/#\/schema\/logo\/image\/\",\"url\":\"https:\/\/www.gcbloomrisk.com\/landing\/wp-content\/uploads\/2022\/09\/logobr-lndg.jpg\",\"contentUrl\":\"https:\/\/www.gcbloomrisk.com\/landing\/wp-content\/uploads\/2022\/09\/logobr-lndg.jpg\",\"width\":500,\"height\":133,\"caption\":\"GCBloomRisk\"},\"image\":{\"@id\":\"https:\/\/www.gcbloomrisk.com\/landing\/#\/schema\/logo\/image\/\"},\"sameAs\":[\"https:\/\/www.facebook.com\/gcbloomrisk\",\"https:\/\/twitter.com\/gcbloomrisk\",\"https:\/\/co.linkedin.com\/showcase\/gcbloomrisk\",\"https:\/\/www.instagram.com\/gcbloomrisk\/\"]},{\"@type\":\"Person\",\"@id\":\"https:\/\/www.gcbloomrisk.com\/landing\/#\/schema\/person\/94ef441573fed8e76101121fb385f45d\",\"name\":\"Anal\u00edtica GCBloomRisk\",\"image\":{\"@type\":\"ImageObject\",\"inLanguage\":\"es-CO\",\"@id\":\"https:\/\/www.gcbloomrisk.com\/landing\/#\/schema\/person\/image\/\",\"url\":\"https:\/\/www.gcbloomrisk.com\/landing\/wp-content\/uploads\/2022\/10\/cropped-analitics-96x96.jpg\",\"contentUrl\":\"https:\/\/www.gcbloomrisk.com\/landing\/wp-content\/uploads\/2022\/10\/cropped-analitics-96x96.jpg\",\"caption\":\"Anal\u00edtica GCBloomRisk\"},\"url\":\"https:\/\/www.gcbloomrisk.com\/landing\/author\/blmrisk-analytics\/\"}]}<\/script>\n<!-- \/ Yoast SEO plugin. -->","yoast_head_json":{"title":"El gol de Colombia en la COP27: habr\u00e1 fondo para mitigar las consecuencias del cambio clim\u00e1tico. - GCBloomRisk","robots":{"index":"index","follow":"follow","max-snippet":"max-snippet:-1","max-image-preview":"max-image-preview:large","max-video-preview":"max-video-preview:-1"},"canonical":"https:\/\/www.gcbloomrisk.com\/landing\/el-gol-de-colombia-en-la-cop27-habra-fondo-para-mitigar-las-consecuencias-del-cambio-climatico\/","og_locale":"es_ES","og_type":"article","og_title":"El gol de Colombia en la COP27: habr\u00e1 fondo para mitigar las consecuencias del cambio clim\u00e1tico. - GCBloomRisk","og_description":"Colombia, como presidenta del grupo, insisti\u00f3 desde el primer momento en la urgencia de brindar esta soluci\u00f3n, sobre todo para los pa\u00edses m\u00e1s vulnerables.","og_url":"https:\/\/www.gcbloomrisk.com\/landing\/el-gol-de-colombia-en-la-cop27-habra-fondo-para-mitigar-las-consecuencias-del-cambio-climatico\/","og_site_name":"GCBloomRisk","article_publisher":"https:\/\/www.facebook.com\/gcbloomrisk","article_published_time":"2022-11-21T20:26:14+00:00","article_modified_time":"2023-06-27T15:42:09+00:00","og_image":[{"width":900,"height":506,"url":"https:\/\/www.gcbloomrisk.com\/landing\/wp-content\/uploads\/2022\/11\/thumb15.jpg","type":"image\/jpeg"}],"author":"Anal\u00edtica GCBloomRisk","twitter_card":"summary_large_image","twitter_creator":"@gcbloomrisk","twitter_site":"@gcbloomrisk","twitter_misc":{"Escrito por":"Anal\u00edtica GCBloomRisk","Tiempo estimado de lectura":"3 minutos"},"schema":{"@context":"https:\/\/schema.org","@graph":[{"@type":"Article","@id":"https:\/\/www.gcbloomrisk.com\/landing\/el-gol-de-colombia-en-la-cop27-habra-fondo-para-mitigar-las-consecuencias-del-cambio-climatico\/#article","isPartOf":{"@id":"https:\/\/www.gcbloomrisk.com\/landing\/el-gol-de-colombia-en-la-cop27-habra-fondo-para-mitigar-las-consecuencias-del-cambio-climatico\/"},"author":{"name":"Anal\u00edtica GCBloomRisk","@id":"https:\/\/www.gcbloomrisk.com\/landing\/#\/schema\/person\/94ef441573fed8e76101121fb385f45d"},"headline":"El gol de Colombia en la COP27: habr\u00e1 fondo para mitigar las consecuencias del cambio clim\u00e1tico.","datePublished":"2022-11-21T20:26:14+00:00","dateModified":"2023-06-27T15:42:09+00:00","mainEntityOfPage":{"@id":"https:\/\/www.gcbloomrisk.com\/landing\/el-gol-de-colombia-en-la-cop27-habra-fondo-para-mitigar-las-consecuencias-del-cambio-climatico\/"},"wordCount":572,"commentCount":0,"publisher":{"@id":"https:\/\/www.gcbloomrisk.com\/landing\/#organization"},"articleSection":["Cooperativismo","Econom\u00eda","Empresas","Internacional","Nacional","\u00daltimas noticias"],"inLanguage":"es-CO","potentialAction":[{"@type":"CommentAction","name":"Comment","target":["https:\/\/www.gcbloomrisk.com\/landing\/el-gol-de-colombia-en-la-cop27-habra-fondo-para-mitigar-las-consecuencias-del-cambio-climatico\/#respond"]}]},{"@type":"WebPage","@id":"https:\/\/www.gcbloomrisk.com\/landing\/el-gol-de-colombia-en-la-cop27-habra-fondo-para-mitigar-las-consecuencias-del-cambio-climatico\/","url":"https:\/\/www.gcbloomrisk.com\/landing\/el-gol-de-colombia-en-la-cop27-habra-fondo-para-mitigar-las-consecuencias-del-cambio-climatico\/","name":"El gol de Colombia en la COP27: habr\u00e1 fondo para mitigar las consecuencias del cambio clim\u00e1tico. - GCBloomRisk","isPartOf":{"@id":"https:\/\/www.gcbloomrisk.com\/landing\/#website"},"datePublished":"2022-11-21T20:26:14+00:00","dateModified":"2023-06-27T15:42:09+00:00","breadcrumb":{"@id":"https:\/\/www.gcbloomrisk.com\/landing\/el-gol-de-colombia-en-la-cop27-habra-fondo-para-mitigar-las-consecuencias-del-cambio-climatico\/#breadcrumb"},"inLanguage":"es-CO","potentialAction":[{"@type":"ReadAction","target":["https:\/\/www.gcbloomrisk.com\/landing\/el-gol-de-colombia-en-la-cop27-habra-fondo-para-mitigar-las-consecuencias-del-cambio-climatico\/"]}]},{"@type":"BreadcrumbList","@id":"https:\/\/www.gcbloomrisk.com\/landing\/el-gol-de-colombia-en-la-cop27-habra-fondo-para-mitigar-las-consecuencias-del-cambio-climatico\/#breadcrumb","itemListElement":[{"@type":"ListItem","position":1,"name":"Inicio","item":"https:\/\/www.gcbloomrisk.com\/landing\/"},{"@type":"ListItem","position":2,"name":"El gol de Colombia en la COP27: habr\u00e1 fondo para mitigar las consecuencias del cambio clim\u00e1tico."}]},{"@type":"WebSite","@id":"https:\/\/www.gcbloomrisk.com\/landing\/#website","url":"https:\/\/www.gcbloomrisk.com\/landing\/","name":"GCBloomRisk","description":"Informaci\u00f3n estrat\u00e9gica en tiempo real para la toma de desiciones","publisher":{"@id":"https:\/\/www.gcbloomrisk.com\/landing\/#organization"},"potentialAction":[{"@type":"SearchAction","target":{"@type":"EntryPoint","urlTemplate":"https:\/\/www.gcbloomrisk.com\/landing\/?s={search_term_string}"},"query-input":"required name=search_term_string"}],"inLanguage":"es-CO"},{"@type":"Organization","@id":"https:\/\/www.gcbloomrisk.com\/landing\/#organization","name":"GCBloomRisk","url":"https:\/\/www.gcbloomrisk.com\/landing\/","logo":{"@type":"ImageObject","inLanguage":"es-CO","@id":"https:\/\/www.gcbloomrisk.com\/landing\/#\/schema\/logo\/image\/","url":"https:\/\/www.gcbloomrisk.com\/landing\/wp-content\/uploads\/2022\/09\/logobr-lndg.jpg","contentUrl":"https:\/\/www.gcbloomrisk.com\/landing\/wp-content\/uploads\/2022\/09\/logobr-lndg.jpg","width":500,"height":133,"caption":"GCBloomRisk"},"image":{"@id":"https:\/\/www.gcbloomrisk.com\/landing\/#\/schema\/logo\/image\/"},"sameAs":["https:\/\/www.facebook.com\/gcbloomrisk","https:\/\/twitter.com\/gcbloomrisk","https:\/\/co.linkedin.com\/showcase\/gcbloomrisk","https:\/\/www.instagram.com\/gcbloomrisk\/"]},{"@type":"Person","@id":"https:\/\/www.gcbloomrisk.com\/landing\/#\/schema\/person\/94ef441573fed8e76101121fb385f45d","name":"Anal\u00edtica GCBloomRisk","image":{"@type":"ImageObject","inLanguage":"es-CO","@id":"https:\/\/www.gcbloomrisk.com\/landing\/#\/schema\/person\/image\/","url":"https:\/\/www.gcbloomrisk.com\/landing\/wp-content\/uploads\/2022\/10\/cropped-analitics-96x96.jpg","contentUrl":"https:\/\/www.gcbloomrisk.com\/landing\/wp-content\/uploads\/2022\/10\/cropped-analitics-96x96.jpg","caption":"Anal\u00edtica GCBloomRisk"},"url":"https:\/\/www.gcbloomrisk.com\/landing\/author\/blmrisk-analytics\/"}]}},"_links":{"self":[{"href":"https:\/\/www.gcbloomrisk.com\/landing\/wp-json\/wp\/v2\/posts\/2028"}],"collection":[{"href":"https:\/\/www.gcbloomrisk.com\/landing\/wp-json\/wp\/v2\/posts"}],"about":[{"href":"https:\/\/www.gcbloomrisk.com\/landing\/wp-json\/wp\/v2\/types\/post"}],"author":[{"embeddable":true,"href":"https:\/\/www.gcbloomrisk.com\/landing\/wp-json\/wp\/v2\/users\/2"}],"replies":[{"embeddable":true,"href":"https:\/\/www.gcbloomrisk.com\/landing\/wp-json\/wp\/v2\/comments?post=2028"}],"version-history":[{"count":3,"href":"https:\/\/www.gcbloomrisk.com\/landing\/wp-json\/wp\/v2\/posts\/2028\/revisions"}],"predecessor-version":[{"id":3106,"href":"https:\/\/www.gcbloomrisk.com\/landing\/wp-json\/wp\/v2\/posts\/2028\/revisions\/3106"}],"wp:featuredmedia":[{"embeddable":true,"href":"https:\/\/www.gcbloomrisk.com\/landing\/wp-json\/wp\/v2\/media\/2029"}],"wp:attachment":[{"href":"https:\/\/www.gcbloomrisk.com\/landing\/wp-json\/wp\/v2\/media?parent=2028"}],"wp:term":[{"taxonomy":"category","embeddable":true,"href":"https:\/\/www.gcbloomrisk.com\/landing\/wp-json\/wp\/v2\/categories?post=2028"},{"taxonomy":"post_tag","embeddable":true,"href":"https:\/\/www.gcbloomrisk.com\/landing\/wp-json\/wp\/v2\/tags?post=2028"}],"curies":[{"name":"wp","href":"https:\/\/api.w.org\/{rel}","templated":true}]}}