{"id":2019,"date":"2022-11-17T08:56:28","date_gmt":"2022-11-17T13:56:28","guid":{"rendered":"https:\/\/www.gcbloomrisk.com\/landing\/?p=2019"},"modified":"2023-06-27T10:42:59","modified_gmt":"2023-06-27T15:42:59","slug":"ministerio-de-trabajo-presento-la-propuesta-de-reforma-pensional","status":"publish","type":"post","link":"https:\/\/www.gcbloomrisk.com\/landing\/ministerio-de-trabajo-presento-la-propuesta-de-reforma-pensional\/","title":{"rendered":"Ministerio de Trabajo present\u00f3 la propuesta de reforma pensional"},"content":{"rendered":"\n<p>La cartera propone un sistema por <strong>pilares<\/strong>, el primero de ellos corresponde a un pilar solidario, en el que se le otorgue una renta b\u00e1sica de medio salario m\u00ednimo legal vigente a quienes no pueden contar con una pensi\u00f3n.<\/p>\n\n\n\n<p>El Gobierno de Gustavo Petro contin\u00faa avanzando en su paquete de reformas para el pa\u00eds y en esta ocasi\u00f3n el turno fue para el Ministerio de Trabajo, que tiene entre manos la propuesta de reforma pensional.<\/p>\n\n\n\n<p>La cartera present\u00f3 el proyecto este mi\u00e9rcoles 16 de noviembre, en el marco de la instalaci\u00f3n de la subcomisi\u00f3n de reforma pensional. El ajuste que se contempla al sistema de protecci\u00f3n a la vejez se centra en tres pilares: solidario, contributivo y de ahorro voluntario complementario.<\/p>\n\n\n\n<p><img decoding=\"async\" loading=\"lazy\" src=\"https:\/\/lh4.googleusercontent.com\/sc6zGQOCO0jc7WkcbjPelq0r_lTrYoyh9-JgEvqsGeqSt8kW86m5KRPCLc0Pv42EdXBaku63B5XG-cJape0cIr1nqBwahAUzjyaesKuVulUpge442kRTG8SzfC_piMLaeNTTQyziT4A0dHCs-YYZ2YqGmwybUH3SpcvFeuWfwuLsHAl8Kb3raAVwDHcJJw\" width=\"602\" height=\"340\"><\/p>\n\n\n\n<p>El primer pilar corresponde a una renta b\u00e1sica, cuyo objetivo es brindar un sustento a las personas que no cumplen con los requisitos para tener una pensi\u00f3n. Para este grupo se plantea una renta b\u00e1sica equivalente a medio salario m\u00ednimo legal vigente.<\/p>\n\n\n\n<p>En la mitad de la pir\u00e1mide se encuentra el pilar contributivo, en el que entran las personas que ganan hasta cuatro salarios m\u00ednimos. Los aportes obligatorios de este segmento se realizar\u00e1n al r\u00e9gimen de prima media, el cual est\u00e1 a cargo de Colpensiones, para la formaci\u00f3n de un Fondo P\u00fablico Universal.<\/p>\n\n\n\n<p>Finalmente, un tercer pilar agrupa a quienes tienen ingresos superiores a los cuatro salarios m\u00ednimos y hacen aportes adicionales al R\u00e9gimen de Ahorro Individual de las Adminsitradoras de Fondos de Pensiones y de Cesant\u00edas \u2013 AFP.<\/p>\n\n\n\n<p><em>\u201cEs una reforma estructural, no es una reforma param\u00e9trica, lo que estamos buscando es c\u00f3mo generar mayor cobertura, para que todos los adultos mayores que hoy est\u00e1n por fuera de la posibilidad de tener una vejez digna, tengan unos elementos que les permitan a trav\u00e9s del apoyo del Estado liberar sus recursos y as\u00ed potenciar una vejez con dignidad y que no vivan de la caridad de sus familias\u201d<\/em>, apunt\u00f3 Gloria In\u00e9s Ram\u00edrez, ministra de Trabajo.<\/p>\n\n\n\n<p><em>\u201cLa reforma est\u00e1 pensada en la solidaridad y como enfoque en los derechos, no en la rentabilidad econ\u00f3mica en donde la dignidad del adulto mayor debe ser protegida por el sistema d\u00e1ndole un ingreso solidario y universal a la poblaci\u00f3n\u201d<\/em>, agreg\u00f3 el viceministro encargado de Empleo y Pensiones, Juan Carlos Hern\u00e1ndez.<\/p>\n\n\n\n<p>La presentaci\u00f3n se realiz\u00f3 en el marco de la instalaci\u00f3n de la subcomisi\u00f3n tripartita, que re\u00fane a gremios, sindicatos y Gobierno. En las pr\u00f3ximas reuniones, cada uno de los actores pondr\u00e1 sobre la mesa sus propuestas frente al sistema de protecci\u00f3n de la vejez. Seg\u00fan el cronograma de trabajo de la subcomisi\u00f3n, se plantea que el proyecto final sea radicado ante el Congreso de la Rep\u00fablica a finales de abril de 2023.<\/p>\n\n\n\n<p>Fuente:<\/p>\n\n\n\n<p>Forbes-Colombia(17-11-2022)\u201dMinisterio de Trabajo present\u00f3 la propuesta de reforma pensional\u201d <em>Forbes-Colombia<\/em>\/https:\/\/forbes.co\/2022\/11\/17\/economia-y-finanzas\/ministerio-de-trabajo-presento-la-propuesta-de-reforma-pensional\/(17-11-2022)<\/p>\n","protected":false},"excerpt":{"rendered":"<p>La cartera propone un sistema por pilares, el primero de ellos corresponde a un pilar solidario, en el que se le otorgue una renta b\u00e1sica de medio salario m\u00ednimo legal vigente a quienes no pueden contar con una pensi\u00f3n.<\/p>\n","protected":false},"author":2,"featured_media":2020,"comment_status":"open","ping_status":"open","sticky":false,"template":"","format":"standard","meta":{"_joinchat":[]},"categories":[16,18,19,20,22],"tags":[],"acf":[],"yoast_head":"<!-- This site is optimized with the Yoast SEO plugin v21.1 - https:\/\/yoast.com\/wordpress\/plugins\/seo\/ -->\n<title>Ministerio de Trabajo present\u00f3 la propuesta de reforma pensional - GCBloomRisk<\/title>\n<meta name=\"robots\" content=\"index, follow, max-snippet:-1, max-image-preview:large, max-video-preview:-1\" \/>\n<link rel=\"canonical\" href=\"https:\/\/www.gcbloomrisk.com\/landing\/ministerio-de-trabajo-presento-la-propuesta-de-reforma-pensional\/\" \/>\n<meta property=\"og:locale\" content=\"es_ES\" \/>\n<meta property=\"og:type\" content=\"article\" \/>\n<meta property=\"og:title\" content=\"Ministerio de Trabajo present\u00f3 la propuesta de reforma pensional - GCBloomRisk\" \/>\n<meta property=\"og:description\" content=\"La cartera propone un sistema por pilares, el primero de ellos corresponde a un pilar solidario, en el que se le otorgue una renta b\u00e1sica de medio salario m\u00ednimo legal vigente a quienes no pueden contar con una pensi\u00f3n.\" \/>\n<meta property=\"og:url\" content=\"https:\/\/www.gcbloomrisk.com\/landing\/ministerio-de-trabajo-presento-la-propuesta-de-reforma-pensional\/\" \/>\n<meta property=\"og:site_name\" content=\"GCBloomRisk\" \/>\n<meta property=\"article:publisher\" content=\"https:\/\/www.facebook.com\/gcbloomrisk\" \/>\n<meta property=\"article:published_time\" content=\"2022-11-17T13:56:28+00:00\" \/>\n<meta property=\"article:modified_time\" content=\"2023-06-27T15:42:59+00:00\" \/>\n<meta property=\"og:image\" content=\"https:\/\/www.gcbloomrisk.com\/landing\/wp-content\/uploads\/2022\/11\/thumb13.jpg\" \/>\n\t<meta property=\"og:image:width\" content=\"900\" \/>\n\t<meta property=\"og:image:height\" content=\"506\" \/>\n\t<meta property=\"og:image:type\" content=\"image\/jpeg\" \/>\n<meta name=\"author\" content=\"Anal\u00edtica GCBloomRisk\" \/>\n<meta name=\"twitter:card\" content=\"summary_large_image\" \/>\n<meta name=\"twitter:creator\" content=\"@gcbloomrisk\" \/>\n<meta name=\"twitter:site\" content=\"@gcbloomrisk\" \/>\n<meta name=\"twitter:label1\" content=\"Escrito por\" \/>\n\t<meta name=\"twitter:data1\" content=\"Anal\u00edtica GCBloomRisk\" \/>\n\t<meta name=\"twitter:label2\" content=\"Tiempo estimado de lectura\" \/>\n\t<meta name=\"twitter:data2\" content=\"3 minutos\" \/>\n<script type=\"application\/ld+json\" class=\"yoast-schema-graph\">{\"@context\":\"https:\/\/schema.org\",\"@graph\":[{\"@type\":\"Article\",\"@id\":\"https:\/\/www.gcbloomrisk.com\/landing\/ministerio-de-trabajo-presento-la-propuesta-de-reforma-pensional\/#article\",\"isPartOf\":{\"@id\":\"https:\/\/www.gcbloomrisk.com\/landing\/ministerio-de-trabajo-presento-la-propuesta-de-reforma-pensional\/\"},\"author\":{\"name\":\"Anal\u00edtica GCBloomRisk\",\"@id\":\"https:\/\/www.gcbloomrisk.com\/landing\/#\/schema\/person\/94ef441573fed8e76101121fb385f45d\"},\"headline\":\"Ministerio de Trabajo present\u00f3 la propuesta de reforma pensional\",\"datePublished\":\"2022-11-17T13:56:28+00:00\",\"dateModified\":\"2023-06-27T15:42:59+00:00\",\"mainEntityOfPage\":{\"@id\":\"https:\/\/www.gcbloomrisk.com\/landing\/ministerio-de-trabajo-presento-la-propuesta-de-reforma-pensional\/\"},\"wordCount\":518,\"commentCount\":0,\"publisher\":{\"@id\":\"https:\/\/www.gcbloomrisk.com\/landing\/#organization\"},\"articleSection\":[\"Cooperativismo\",\"Econom\u00eda\",\"Empresas\",\"GC\",\"Nacional\"],\"inLanguage\":\"es-CO\",\"potentialAction\":[{\"@type\":\"CommentAction\",\"name\":\"Comment\",\"target\":[\"https:\/\/www.gcbloomrisk.com\/landing\/ministerio-de-trabajo-presento-la-propuesta-de-reforma-pensional\/#respond\"]}]},{\"@type\":\"WebPage\",\"@id\":\"https:\/\/www.gcbloomrisk.com\/landing\/ministerio-de-trabajo-presento-la-propuesta-de-reforma-pensional\/\",\"url\":\"https:\/\/www.gcbloomrisk.com\/landing\/ministerio-de-trabajo-presento-la-propuesta-de-reforma-pensional\/\",\"name\":\"Ministerio de Trabajo present\u00f3 la propuesta de reforma pensional - GCBloomRisk\",\"isPartOf\":{\"@id\":\"https:\/\/www.gcbloomrisk.com\/landing\/#website\"},\"datePublished\":\"2022-11-17T13:56:28+00:00\",\"dateModified\":\"2023-06-27T15:42:59+00:00\",\"breadcrumb\":{\"@id\":\"https:\/\/www.gcbloomrisk.com\/landing\/ministerio-de-trabajo-presento-la-propuesta-de-reforma-pensional\/#breadcrumb\"},\"inLanguage\":\"es-CO\",\"potentialAction\":[{\"@type\":\"ReadAction\",\"target\":[\"https:\/\/www.gcbloomrisk.com\/landing\/ministerio-de-trabajo-presento-la-propuesta-de-reforma-pensional\/\"]}]},{\"@type\":\"BreadcrumbList\",\"@id\":\"https:\/\/www.gcbloomrisk.com\/landing\/ministerio-de-trabajo-presento-la-propuesta-de-reforma-pensional\/#breadcrumb\",\"itemListElement\":[{\"@type\":\"ListItem\",\"position\":1,\"name\":\"Inicio\",\"item\":\"https:\/\/www.gcbloomrisk.com\/landing\/\"},{\"@type\":\"ListItem\",\"position\":2,\"name\":\"Ministerio de Trabajo present\u00f3 la propuesta de reforma pensional\"}]},{\"@type\":\"WebSite\",\"@id\":\"https:\/\/www.gcbloomrisk.com\/landing\/#website\",\"url\":\"https:\/\/www.gcbloomrisk.com\/landing\/\",\"name\":\"GCBloomRisk\",\"description\":\"Informaci\u00f3n estrat\u00e9gica en tiempo real para la toma de desiciones\",\"publisher\":{\"@id\":\"https:\/\/www.gcbloomrisk.com\/landing\/#organization\"},\"potentialAction\":[{\"@type\":\"SearchAction\",\"target\":{\"@type\":\"EntryPoint\",\"urlTemplate\":\"https:\/\/www.gcbloomrisk.com\/landing\/?s={search_term_string}\"},\"query-input\":\"required name=search_term_string\"}],\"inLanguage\":\"es-CO\"},{\"@type\":\"Organization\",\"@id\":\"https:\/\/www.gcbloomrisk.com\/landing\/#organization\",\"name\":\"GCBloomRisk\",\"url\":\"https:\/\/www.gcbloomrisk.com\/landing\/\",\"logo\":{\"@type\":\"ImageObject\",\"inLanguage\":\"es-CO\",\"@id\":\"https:\/\/www.gcbloomrisk.com\/landing\/#\/schema\/logo\/image\/\",\"url\":\"https:\/\/www.gcbloomrisk.com\/landing\/wp-content\/uploads\/2022\/09\/logobr-lndg.jpg\",\"contentUrl\":\"https:\/\/www.gcbloomrisk.com\/landing\/wp-content\/uploads\/2022\/09\/logobr-lndg.jpg\",\"width\":500,\"height\":133,\"caption\":\"GCBloomRisk\"},\"image\":{\"@id\":\"https:\/\/www.gcbloomrisk.com\/landing\/#\/schema\/logo\/image\/\"},\"sameAs\":[\"https:\/\/www.facebook.com\/gcbloomrisk\",\"https:\/\/twitter.com\/gcbloomrisk\",\"https:\/\/co.linkedin.com\/showcase\/gcbloomrisk\",\"https:\/\/www.instagram.com\/gcbloomrisk\/\"]},{\"@type\":\"Person\",\"@id\":\"https:\/\/www.gcbloomrisk.com\/landing\/#\/schema\/person\/94ef441573fed8e76101121fb385f45d\",\"name\":\"Anal\u00edtica GCBloomRisk\",\"image\":{\"@type\":\"ImageObject\",\"inLanguage\":\"es-CO\",\"@id\":\"https:\/\/www.gcbloomrisk.com\/landing\/#\/schema\/person\/image\/\",\"url\":\"https:\/\/www.gcbloomrisk.com\/landing\/wp-content\/uploads\/2022\/10\/cropped-analitics-96x96.jpg\",\"contentUrl\":\"https:\/\/www.gcbloomrisk.com\/landing\/wp-content\/uploads\/2022\/10\/cropped-analitics-96x96.jpg\",\"caption\":\"Anal\u00edtica GCBloomRisk\"},\"url\":\"https:\/\/www.gcbloomrisk.com\/landing\/author\/blmrisk-analytics\/\"}]}<\/script>\n<!-- \/ Yoast SEO plugin. -->","yoast_head_json":{"title":"Ministerio de Trabajo present\u00f3 la propuesta de reforma pensional - GCBloomRisk","robots":{"index":"index","follow":"follow","max-snippet":"max-snippet:-1","max-image-preview":"max-image-preview:large","max-video-preview":"max-video-preview:-1"},"canonical":"https:\/\/www.gcbloomrisk.com\/landing\/ministerio-de-trabajo-presento-la-propuesta-de-reforma-pensional\/","og_locale":"es_ES","og_type":"article","og_title":"Ministerio de Trabajo present\u00f3 la propuesta de reforma pensional - GCBloomRisk","og_description":"La cartera propone un sistema por pilares, el primero de ellos corresponde a un pilar solidario, en el que se le otorgue una renta b\u00e1sica de medio salario m\u00ednimo legal vigente a quienes no pueden contar con una pensi\u00f3n.","og_url":"https:\/\/www.gcbloomrisk.com\/landing\/ministerio-de-trabajo-presento-la-propuesta-de-reforma-pensional\/","og_site_name":"GCBloomRisk","article_publisher":"https:\/\/www.facebook.com\/gcbloomrisk","article_published_time":"2022-11-17T13:56:28+00:00","article_modified_time":"2023-06-27T15:42:59+00:00","og_image":[{"width":900,"height":506,"url":"https:\/\/www.gcbloomrisk.com\/landing\/wp-content\/uploads\/2022\/11\/thumb13.jpg","type":"image\/jpeg"}],"author":"Anal\u00edtica GCBloomRisk","twitter_card":"summary_large_image","twitter_creator":"@gcbloomrisk","twitter_site":"@gcbloomrisk","twitter_misc":{"Escrito por":"Anal\u00edtica GCBloomRisk","Tiempo estimado de lectura":"3 minutos"},"schema":{"@context":"https:\/\/schema.org","@graph":[{"@type":"Article","@id":"https:\/\/www.gcbloomrisk.com\/landing\/ministerio-de-trabajo-presento-la-propuesta-de-reforma-pensional\/#article","isPartOf":{"@id":"https:\/\/www.gcbloomrisk.com\/landing\/ministerio-de-trabajo-presento-la-propuesta-de-reforma-pensional\/"},"author":{"name":"Anal\u00edtica GCBloomRisk","@id":"https:\/\/www.gcbloomrisk.com\/landing\/#\/schema\/person\/94ef441573fed8e76101121fb385f45d"},"headline":"Ministerio de Trabajo present\u00f3 la propuesta de reforma pensional","datePublished":"2022-11-17T13:56:28+00:00","dateModified":"2023-06-27T15:42:59+00:00","mainEntityOfPage":{"@id":"https:\/\/www.gcbloomrisk.com\/landing\/ministerio-de-trabajo-presento-la-propuesta-de-reforma-pensional\/"},"wordCount":518,"commentCount":0,"publisher":{"@id":"https:\/\/www.gcbloomrisk.com\/landing\/#organization"},"articleSection":["Cooperativismo","Econom\u00eda","Empresas","GC","Nacional"],"inLanguage":"es-CO","potentialAction":[{"@type":"CommentAction","name":"Comment","target":["https:\/\/www.gcbloomrisk.com\/landing\/ministerio-de-trabajo-presento-la-propuesta-de-reforma-pensional\/#respond"]}]},{"@type":"WebPage","@id":"https:\/\/www.gcbloomrisk.com\/landing\/ministerio-de-trabajo-presento-la-propuesta-de-reforma-pensional\/","url":"https:\/\/www.gcbloomrisk.com\/landing\/ministerio-de-trabajo-presento-la-propuesta-de-reforma-pensional\/","name":"Ministerio de Trabajo present\u00f3 la propuesta de reforma pensional - GCBloomRisk","isPartOf":{"@id":"https:\/\/www.gcbloomrisk.com\/landing\/#website"},"datePublished":"2022-11-17T13:56:28+00:00","dateModified":"2023-06-27T15:42:59+00:00","breadcrumb":{"@id":"https:\/\/www.gcbloomrisk.com\/landing\/ministerio-de-trabajo-presento-la-propuesta-de-reforma-pensional\/#breadcrumb"},"inLanguage":"es-CO","potentialAction":[{"@type":"ReadAction","target":["https:\/\/www.gcbloomrisk.com\/landing\/ministerio-de-trabajo-presento-la-propuesta-de-reforma-pensional\/"]}]},{"@type":"BreadcrumbList","@id":"https:\/\/www.gcbloomrisk.com\/landing\/ministerio-de-trabajo-presento-la-propuesta-de-reforma-pensional\/#breadcrumb","itemListElement":[{"@type":"ListItem","position":1,"name":"Inicio","item":"https:\/\/www.gcbloomrisk.com\/landing\/"},{"@type":"ListItem","position":2,"name":"Ministerio de Trabajo present\u00f3 la propuesta de reforma pensional"}]},{"@type":"WebSite","@id":"https:\/\/www.gcbloomrisk.com\/landing\/#website","url":"https:\/\/www.gcbloomrisk.com\/landing\/","name":"GCBloomRisk","description":"Informaci\u00f3n estrat\u00e9gica en tiempo real para la toma de desiciones","publisher":{"@id":"https:\/\/www.gcbloomrisk.com\/landing\/#organization"},"potentialAction":[{"@type":"SearchAction","target":{"@type":"EntryPoint","urlTemplate":"https:\/\/www.gcbloomrisk.com\/landing\/?s={search_term_string}"},"query-input":"required name=search_term_string"}],"inLanguage":"es-CO"},{"@type":"Organization","@id":"https:\/\/www.gcbloomrisk.com\/landing\/#organization","name":"GCBloomRisk","url":"https:\/\/www.gcbloomrisk.com\/landing\/","logo":{"@type":"ImageObject","inLanguage":"es-CO","@id":"https:\/\/www.gcbloomrisk.com\/landing\/#\/schema\/logo\/image\/","url":"https:\/\/www.gcbloomrisk.com\/landing\/wp-content\/uploads\/2022\/09\/logobr-lndg.jpg","contentUrl":"https:\/\/www.gcbloomrisk.com\/landing\/wp-content\/uploads\/2022\/09\/logobr-lndg.jpg","width":500,"height":133,"caption":"GCBloomRisk"},"image":{"@id":"https:\/\/www.gcbloomrisk.com\/landing\/#\/schema\/logo\/image\/"},"sameAs":["https:\/\/www.facebook.com\/gcbloomrisk","https:\/\/twitter.com\/gcbloomrisk","https:\/\/co.linkedin.com\/showcase\/gcbloomrisk","https:\/\/www.instagram.com\/gcbloomrisk\/"]},{"@type":"Person","@id":"https:\/\/www.gcbloomrisk.com\/landing\/#\/schema\/person\/94ef441573fed8e76101121fb385f45d","name":"Anal\u00edtica GCBloomRisk","image":{"@type":"ImageObject","inLanguage":"es-CO","@id":"https:\/\/www.gcbloomrisk.com\/landing\/#\/schema\/person\/image\/","url":"https:\/\/www.gcbloomrisk.com\/landing\/wp-content\/uploads\/2022\/10\/cropped-analitics-96x96.jpg","contentUrl":"https:\/\/www.gcbloomrisk.com\/landing\/wp-content\/uploads\/2022\/10\/cropped-analitics-96x96.jpg","caption":"Anal\u00edtica GCBloomRisk"},"url":"https:\/\/www.gcbloomrisk.com\/landing\/author\/blmrisk-analytics\/"}]}},"_links":{"self":[{"href":"https:\/\/www.gcbloomrisk.com\/landing\/wp-json\/wp\/v2\/posts\/2019"}],"collection":[{"href":"https:\/\/www.gcbloomrisk.com\/landing\/wp-json\/wp\/v2\/posts"}],"about":[{"href":"https:\/\/www.gcbloomrisk.com\/landing\/wp-json\/wp\/v2\/types\/post"}],"author":[{"embeddable":true,"href":"https:\/\/www.gcbloomrisk.com\/landing\/wp-json\/wp\/v2\/users\/2"}],"replies":[{"embeddable":true,"href":"https:\/\/www.gcbloomrisk.com\/landing\/wp-json\/wp\/v2\/comments?post=2019"}],"version-history":[{"count":3,"href":"https:\/\/www.gcbloomrisk.com\/landing\/wp-json\/wp\/v2\/posts\/2019\/revisions"}],"predecessor-version":[{"id":3108,"href":"https:\/\/www.gcbloomrisk.com\/landing\/wp-json\/wp\/v2\/posts\/2019\/revisions\/3108"}],"wp:featuredmedia":[{"embeddable":true,"href":"https:\/\/www.gcbloomrisk.com\/landing\/wp-json\/wp\/v2\/media\/2020"}],"wp:attachment":[{"href":"https:\/\/www.gcbloomrisk.com\/landing\/wp-json\/wp\/v2\/media?parent=2019"}],"wp:term":[{"taxonomy":"category","embeddable":true,"href":"https:\/\/www.gcbloomrisk.com\/landing\/wp-json\/wp\/v2\/categories?post=2019"},{"taxonomy":"post_tag","embeddable":true,"href":"https:\/\/www.gcbloomrisk.com\/landing\/wp-json\/wp\/v2\/tags?post=2019"}],"curies":[{"name":"wp","href":"https:\/\/api.w.org\/{rel}","templated":true}]}}